{"id":3582,"date":"2025-12-22T10:56:08","date_gmt":"2025-12-22T09:56:08","guid":{"rendered":"https:\/\/zsp4.radom.pl\/przedszkole\/bozonarodzeniowe-zajecia-otwarte-2-copy\/"},"modified":"2025-12-22T11:07:33","modified_gmt":"2025-12-22T10:07:33","slug":"szlachetna-paczka","status":"publish","type":"post","link":"https:\/\/zsp4.radom.pl\/przedszkole\/szlachetna-paczka\/","title":{"rendered":"SZLACHETNA PACZKA"},"content":{"rendered":"\t\t<div data-elementor-type=\"wp-post\" data-elementor-id=\"3582\" class=\"elementor elementor-3582\" data-elementor-post-type=\"post\">\n\t\t\t\t<div class=\"elementor-element elementor-element-02c04f7 e-flex e-con-boxed e-con e-parent\" data-id=\"02c04f7\" data-element_type=\"container\">\n\t\t\t\t\t<div class=\"e-con-inner\">\n\t\t\t\t<div class=\"elementor-element elementor-element-272b84a elementor-widget elementor-widget-text-editor\" data-id=\"272b84a\" data-element_type=\"widget\" data-widget_type=\"text-editor.default\">\n\t\t\t\t\t\t\t\t\t<p style=\"text-align: center;\"><span style=\"color: #000000;\">Z rado\u015bci\u0105 informujemy, \u017ce Dyrekcja, personel oraz nauczycielki naszego przedszkola w\u0142\u0105czyli si\u0119 w og\u00f3lnopolsk\u0105 akcj\u0119 \u201eSzlachetna Paczka\u201d. Wsp\u00f3lnymi si\u0142ami przygotowali\u015bmy pomoc dla potrzebuj\u0105cej rodziny, okazuj\u0105c wsparcie, empati\u0119 i otwarte serca. Udzia\u0142 w tej szlachetnej inicjatywie by\u0142 dla nas nie tylko okazj\u0105 do niesienia realnej pomocy, ale r\u00f3wnie\u017c wa\u017cn\u0105 lekcj\u0105 wra\u017cliwo\u015bci spo\u0142ecznej i solidarno\u015bci. Wierzymy, \u017ce takie dzia\u0142ania maj\u0105 ogromne znaczenie i pokazuj\u0105, jak wiele mo\u017cna osi\u0105gn\u0105\u0107 dzi\u0119ki wsp\u00f3\u0142pracy i zaanga\u017cowaniu.<\/span><\/p>\t\t\t\t\t\t\t\t<\/div>\n\t\t\t\t\t<\/div>\n\t\t\t\t<\/div>\n\t\t<div class=\"elementor-element elementor-element-3cd5592 e-flex e-con-boxed e-con e-parent\" data-id=\"3cd5592\" data-element_type=\"container\">\n\t\t\t\t\t<div class=\"e-con-inner\">\n\t\t\t\t<div class=\"elementor-element elementor-element-69b1482 elementor-widget elementor-widget-image\" data-id=\"69b1482\" data-element_type=\"widget\" data-widget_type=\"image.default\">\n\t\t\t\t\t\t\t\t\t\t\t\t\t\t\t<img fetchpriority=\"high\" width=\"739\" height=\"1024\" src=\"https:\/\/zsp4.radom.pl\/przedszkole\/wp-content\/uploads\/2025\/12\/67971f1e-e829-49fe-96b9-ca74e26500e8-739x1024.jpg\" class=\"attachment-large size-large wp-image-3588\" alt=\"\" decoding=\"async\" srcset=\"https:\/\/zsp4.radom.pl\/przedszkole\/wp-content\/uploads\/2025\/12\/67971f1e-e829-49fe-96b9-ca74e26500e8-739x1024.jpg 739w, https:\/\/zsp4.radom.pl\/przedszkole\/wp-content\/uploads\/2025\/12\/67971f1e-e829-49fe-96b9-ca74e26500e8-217x300.jpg 217w, https:\/\/zsp4.radom.pl\/przedszkole\/wp-content\/uploads\/2025\/12\/67971f1e-e829-49fe-96b9-ca74e26500e8-768x1064.jpg 768w, https:\/\/zsp4.radom.pl\/przedszkole\/wp-content\/uploads\/2025\/12\/67971f1e-e829-49fe-96b9-ca74e26500e8-1109x1536.jpg 1109w, https:\/\/zsp4.radom.pl\/przedszkole\/wp-content\/uploads\/2025\/12\/67971f1e-e829-49fe-96b9-ca74e26500e8.jpg 1444w\" sizes=\"(max-width: 739px) 100vw, 739px\" \/>\t\t\t\t\t\t\t\t\t\t\t\t\t\t\t<\/div>\n\t\t\t\t\t<\/div>\n\t\t\t\t<\/div>\n\t\t\t\t<\/div>\n\t\t","protected":false},"excerpt":{"rendered":"<p>Z rado\u015bci\u0105 informujemy, \u017ce Dyrekcja, personel oraz nauczycielki naszego przedszkola w\u0142\u0105czyli si\u0119 w og\u00f3lnopolsk\u0105 akcj\u0119 \u201eSzlachetna Paczka\u201d. Wsp\u00f3lnymi si\u0142ami przygotowali\u015bmy pomoc dla potrzebuj\u0105cej rodziny, okazuj\u0105c wsparcie, empati\u0119 i otwarte serca. Udzia\u0142 w tej szlachetnej inicjatywie by\u0142 dla nas nie tylko okazj\u0105 do niesienia realnej pomocy, ale r\u00f3wnie\u017c wa\u017cn\u0105 lekcj\u0105 wra\u017cliwo\u015bci spo\u0142ecznej i solidarno\u015bci. Wierzymy, \u017ce [&hellip;]<\/p>\n","protected":false},"author":5,"featured_media":3585,"comment_status":"closed","ping_status":"closed","sticky":false,"template":"","format":"standard","meta":{"footnotes":""},"categories":[1],"tags":[157,166,165],"class_list":["post-3582","post","type-post","status-publish","format-standard","has-post-thumbnail","hentry","category-aktualnosci","tag-boze-narodzenie","tag-pomoc","tag-szlachetna-paczka"],"aioseo_notices":[],"_links":{"self":[{"href":"https:\/\/zsp4.radom.pl\/przedszkole\/wp-json\/wp\/v2\/posts\/3582","targetHints":{"allow":["GET"]}}],"collection":[{"href":"https:\/\/zsp4.radom.pl\/przedszkole\/wp-json\/wp\/v2\/posts"}],"about":[{"href":"https:\/\/zsp4.radom.pl\/przedszkole\/wp-json\/wp\/v2\/types\/post"}],"author":[{"embeddable":true,"href":"https:\/\/zsp4.radom.pl\/przedszkole\/wp-json\/wp\/v2\/users\/5"}],"replies":[{"embeddable":true,"href":"https:\/\/zsp4.radom.pl\/przedszkole\/wp-json\/wp\/v2\/comments?post=3582"}],"version-history":[{"count":7,"href":"https:\/\/zsp4.radom.pl\/przedszkole\/wp-json\/wp\/v2\/posts\/3582\/revisions"}],"predecessor-version":[{"id":3594,"href":"https:\/\/zsp4.radom.pl\/przedszkole\/wp-json\/wp\/v2\/posts\/3582\/revisions\/3594"}],"wp:featuredmedia":[{"embeddable":true,"href":"https:\/\/zsp4.radom.pl\/przedszkole\/wp-json\/wp\/v2\/media\/3585"}],"wp:attachment":[{"href":"https:\/\/zsp4.radom.pl\/przedszkole\/wp-json\/wp\/v2\/media?parent=3582"}],"wp:term":[{"taxonomy":"category","embeddable":true,"href":"https:\/\/zsp4.radom.pl\/przedszkole\/wp-json\/wp\/v2\/categories?post=3582"},{"taxonomy":"post_tag","embeddable":true,"href":"https:\/\/zsp4.radom.pl\/przedszkole\/wp-json\/wp\/v2\/tags?post=3582"}],"curies":[{"name":"wp","href":"https:\/\/api.w.org\/{rel}","templated":true}]}}