{"id":3865,"date":"2026-03-15T16:55:11","date_gmt":"2026-03-15T15:55:11","guid":{"rendered":"https:\/\/zsp4.radom.pl\/przedszkole\/mobilne-planetarium-2-copy\/"},"modified":"2026-03-15T16:58:47","modified_gmt":"2026-03-15T15:58:47","slug":"wizyta-surykatki-2","status":"publish","type":"post","link":"https:\/\/zsp4.radom.pl\/przedszkole\/wizyta-surykatki-2\/","title":{"rendered":"WIZYTA SURYKATKI"},"content":{"rendered":"\t\t<div data-elementor-type=\"wp-post\" data-elementor-id=\"3865\" class=\"elementor elementor-3865\" data-elementor-post-type=\"post\">\n\t\t\t\t<div class=\"elementor-element elementor-element-02c04f7 e-flex e-con-boxed e-con e-parent\" data-id=\"02c04f7\" data-element_type=\"container\">\n\t\t\t\t\t<div class=\"e-con-inner\">\n\t\t\t\t<div class=\"elementor-element elementor-element-272b84a elementor-widget elementor-widget-text-editor\" data-id=\"272b84a\" data-element_type=\"widget\" data-widget_type=\"text-editor.default\">\n\t\t\t\t\t\t\t\t\t<p style=\"text-align: center;\">\u00a0W zesz\u0142ym tygodniu mieli\u015bmy niezwyk\u0142ego go\u015bcia \u2013 odwiedzi\u0142a nas surykatka o imieniu Suri. Dzieci dowiedzia\u0142y si\u0119 wielu ciekawych rzeczy o zwyczajach surykatek \u017cyj\u0105cych na wolno\u015bci: czym si\u0119 \u017cywi\u0105, gdzie mieszkaj\u0105 oraz jak opiekuj\u0105 si\u0119 sob\u0105 nawzajem w swojej grupie. Najwi\u0119ksz\u0105 atrakcj\u0105 by\u0142o jednak spotkanie z Suri. Dzieci mog\u0142y z bliska go zobaczy\u0107, dotkn\u0105\u0107, pog\u0142aska\u0107, a nawet przytuli\u0107. Niekt\u00f3rym szcz\u0119\u015bliwcom Suri podarowa\u0142 tak\u017ce ma\u0142ego \u201ebuziaka\u201d. To by\u0142a niezwykle radosna i pe\u0142na emocji lekcja przyrody, kt\u00f3ra na d\u0142ugo pozostanie w naszej pami\u0119ci.<\/p><p><span style=\"color: #000000;\">Przejd\u017a do galerii:\u00a0<a href=\"https:\/\/zsp4.radom.pl\/przedszkole\/wizyta-surykatki\/\">WIZYTA SURYKATKI<\/a><\/span><\/p>\t\t\t\t\t\t\t\t<\/div>\n\t\t\t\t\t<\/div>\n\t\t\t\t<\/div>\n\t\t\t\t<\/div>\n\t\t","protected":false},"excerpt":{"rendered":"<p>\u00a0W zesz\u0142ym tygodniu mieli\u015bmy niezwyk\u0142ego go\u015bcia \u2013 odwiedzi\u0142a nas surykatka o imieniu Suri. Dzieci dowiedzia\u0142y si\u0119 wielu ciekawych rzeczy o zwyczajach surykatek \u017cyj\u0105cych na wolno\u015bci: czym si\u0119 \u017cywi\u0105, gdzie mieszkaj\u0105 oraz jak opiekuj\u0105 si\u0119 sob\u0105 nawzajem w swojej grupie. Najwi\u0119ksz\u0105 atrakcj\u0105 by\u0142o jednak spotkanie z Suri. Dzieci mog\u0142y z bliska go zobaczy\u0107, dotkn\u0105\u0107, pog\u0142aska\u0107, a [&hellip;]<\/p>\n","protected":false},"author":5,"featured_media":3867,"comment_status":"closed","ping_status":"closed","sticky":false,"template":"","format":"standard","meta":{"footnotes":""},"categories":[1],"tags":[],"class_list":["post-3865","post","type-post","status-publish","format-standard","has-post-thumbnail","hentry","category-aktualnosci"],"aioseo_notices":[],"_links":{"self":[{"href":"https:\/\/zsp4.radom.pl\/przedszkole\/wp-json\/wp\/v2\/posts\/3865","targetHints":{"allow":["GET"]}}],"collection":[{"href":"https:\/\/zsp4.radom.pl\/przedszkole\/wp-json\/wp\/v2\/posts"}],"about":[{"href":"https:\/\/zsp4.radom.pl\/przedszkole\/wp-json\/wp\/v2\/types\/post"}],"author":[{"embeddable":true,"href":"https:\/\/zsp4.radom.pl\/przedszkole\/wp-json\/wp\/v2\/users\/5"}],"replies":[{"embeddable":true,"href":"https:\/\/zsp4.radom.pl\/przedszkole\/wp-json\/wp\/v2\/comments?post=3865"}],"version-history":[{"count":4,"href":"https:\/\/zsp4.radom.pl\/przedszkole\/wp-json\/wp\/v2\/posts\/3865\/revisions"}],"predecessor-version":[{"id":3870,"href":"https:\/\/zsp4.radom.pl\/przedszkole\/wp-json\/wp\/v2\/posts\/3865\/revisions\/3870"}],"wp:featuredmedia":[{"embeddable":true,"href":"https:\/\/zsp4.radom.pl\/przedszkole\/wp-json\/wp\/v2\/media\/3867"}],"wp:attachment":[{"href":"https:\/\/zsp4.radom.pl\/przedszkole\/wp-json\/wp\/v2\/media?parent=3865"}],"wp:term":[{"taxonomy":"category","embeddable":true,"href":"https:\/\/zsp4.radom.pl\/przedszkole\/wp-json\/wp\/v2\/categories?post=3865"},{"taxonomy":"post_tag","embeddable":true,"href":"https:\/\/zsp4.radom.pl\/przedszkole\/wp-json\/wp\/v2\/tags?post=3865"}],"curies":[{"name":"wp","href":"https:\/\/api.w.org\/{rel}","templated":true}]}}