{"id":3886,"date":"2026-03-15T17:04:38","date_gmt":"2026-03-15T16:04:38","guid":{"rendered":"https:\/\/zsp4.radom.pl\/przedszkole\/wizyta-surykatki-2-copy\/"},"modified":"2026-03-15T17:13:14","modified_gmt":"2026-03-15T16:13:14","slug":"dzien-kobiet-2","status":"publish","type":"post","link":"https:\/\/zsp4.radom.pl\/przedszkole\/dzien-kobiet-2\/","title":{"rendered":"DZIE\u0143 KOBIET"},"content":{"rendered":"\t\t<div data-elementor-type=\"wp-post\" data-elementor-id=\"3886\" class=\"elementor elementor-3886\" data-elementor-post-type=\"post\">\n\t\t\t\t<div class=\"elementor-element elementor-element-02c04f7 e-flex e-con-boxed e-con e-parent\" data-id=\"02c04f7\" data-element_type=\"container\">\n\t\t\t\t\t<div class=\"e-con-inner\">\n\t\t\t\t<div class=\"elementor-element elementor-element-272b84a elementor-widget elementor-widget-text-editor\" data-id=\"272b84a\" data-element_type=\"widget\" data-widget_type=\"text-editor.default\">\n\t\t\t\t\t\t\t\t\t<p style=\"text-align: center;\"><span style=\"color: #000000;\">W naszym przedszkolu odby\u0142a si\u0119 wyj\u0105tkowa uroczysto\u015b\u0107 \u2013 uroczysta akademia z okazji <strong>Dnia Kobiet<\/strong>, przygotowana przez dzieci z grupy<strong> &#8222;Poziomki&#8221;.<\/strong> Nasi mali arty\u015bci z wielkim przej\u0119ciem i zaanga\u017cowaniem wyst\u0105pili przed wyj\u0105tkow\u0105 publiczno\u015bci\u0105, celebruj\u0105c \u015bwi\u0119to wszystkich Pa\u0144 \u2013 tych du\u017cych i tych ma\u0142ych.<\/span><\/p><p style=\"text-align: center;\"><span style=\"color: #000000;\">Program artystyczny by\u0142 niezwykle bogaty i dopracowany w ka\u017cdym detalu. Dzieci z u\u015bmiechem na twarzach recytowa\u0142y pe\u0142ne ciep\u0142a wierszyki i \u015bpiewa\u0142y radosne piosenki. Nie zabrak\u0142o tanecznych popis\u00f3w! 5-latki zaprezentowa\u0142y uk\u0142ad, kt\u00f3ry nagrodzony zosta\u0142 gromkimi brawami. Ch\u0142opcy, jako prawdziwi d\u017centelmeni, w imieniu wszystkich przedszkolak\u00f3w z\u0142o\u017cyli \u017cyczenia zdrowia, rado\u015bci i samych s\u0142onecznych dni.<\/span><\/p><div class=\"qJYHHd mp0vvc\" data-xid=\"aim-mars-turn-root\" data-asrc=\"true\"><div class=\"tonYlb\" data-tr-rsts=\"false\"><div class=\"\" data-streaming-container=\"\"><div data-processed=\"true\"><div class=\"CKgc1d\" data-scope-id=\"turn\" data-sfc-cb=\"\" data-processed=\"true\" data-complete=\"true\"><div class=\"Zkbeff\" data-subtree=\"aimc\" data-wiz-uids=\"C0oAye_2\" data-sfc-cb=\"\" data-ved=\"2ahUKEwjn7PLZpKKTAxUMSfEDHWm2IbMQ2O0OegYIAQgAEAA\" data-hveid=\"CAEIABAA\" data-processed=\"true\" data-complete=\"true\"><div class=\"pWvJNd\" data-sfc-cb=\"\" data-processed=\"true\" data-complete=\"true\"><div class=\"mZJni Dn7Fzd\" dir=\"ltr\" data-container-id=\"main-col\" data-xid=\"VpUvz\" data-sfc-cb=\"\" data-ved=\"2ahUKEwjn7PLZpKKTAxUMSfEDHWm2IbMQ3KYQegYIAQgAEAE\" data-processed=\"true\"><div class=\"Y3BBE\" style=\"text-align: center;\" data-sfc-cp=\"\" data-sfc-cb=\"\" data-hveid=\"CAEIBhAA\" data-complete=\"true\" data-processed=\"true\"><span style=\"color: #000000;\">Dla wielu dzieci by\u0142 to wa\u017cny moment, w kt\u00f3rym mog\u0142y prze\u0142ama\u0107 trem\u0119 i zaprezentowa\u0107 swoje talenty. Kolorowe stroje, starannie przygotowana dekoracja i dzieci\u0119ca szczero\u015b\u0107 sprawi\u0142y, \u017ce ten dzie\u0144 na d\u0142ugo pozostanie w naszej pami\u0119ci.<\/span><\/div><div class=\"Y3BBE\" style=\"text-align: center;\" data-sfc-cp=\"\" data-sfc-cb=\"\" data-hveid=\"CAEIBxAA\" data-complete=\"true\" data-processed=\"true\"><span style=\"color: #000000;\">Dzi\u0119kujemy wychowawczyniom za przygotowanie dzieci do wyst\u0119pu, a ma\u0142ym artystom gratulujemy wspania\u0142ego widowiska!<\/span><\/div><div style=\"text-align: center;\" data-sfc-cp=\"\" data-sfc-cb=\"\" data-hveid=\"CAEIBxAA\" data-complete=\"true\" data-processed=\"true\">\u00a0<\/div><div class=\"Y3BBE\" data-sfc-cp=\"\" data-sfc-cb=\"\" data-hveid=\"CAEIBxAA\" data-complete=\"true\" data-processed=\"true\"><span style=\"color: #000000;\">Przejd\u017a do galerii:\u00a0<a href=\"https:\/\/zsp4.radom.pl\/przedszkole\/dzien-kobiet\/\">DZIE\u0143 KOBIET<\/a><\/span><\/div><\/div><\/div><\/div><\/div><\/div><\/div><\/div><\/div>\t\t\t\t\t\t\t\t<\/div>\n\t\t\t\t\t<\/div>\n\t\t\t\t<\/div>\n\t\t\t\t<\/div>\n\t\t","protected":false},"excerpt":{"rendered":"<p>W naszym przedszkolu odby\u0142a si\u0119 wyj\u0105tkowa uroczysto\u015b\u0107 \u2013 uroczysta akademia z okazji Dnia Kobiet, przygotowana przez dzieci z grupy &#8222;Poziomki&#8221;. Nasi mali arty\u015bci z wielkim przej\u0119ciem i zaanga\u017cowaniem wyst\u0105pili przed wyj\u0105tkow\u0105 publiczno\u015bci\u0105, celebruj\u0105c \u015bwi\u0119to wszystkich Pa\u0144 \u2013 tych du\u017cych i tych ma\u0142ych. Program artystyczny by\u0142 niezwykle bogaty i dopracowany w ka\u017cdym detalu. Dzieci z u\u015bmiechem [&hellip;]<\/p>\n","protected":false},"author":5,"featured_media":3888,"comment_status":"closed","ping_status":"closed","sticky":false,"template":"","format":"standard","meta":{"footnotes":""},"categories":[1],"tags":[138,189,190],"class_list":["post-3886","post","type-post","status-publish","format-standard","has-post-thumbnail","hentry","category-aktualnosci","tag-swieto","tag-dzien-kobiet","tag-kobieta"],"aioseo_notices":[],"_links":{"self":[{"href":"https:\/\/zsp4.radom.pl\/przedszkole\/wp-json\/wp\/v2\/posts\/3886","targetHints":{"allow":["GET"]}}],"collection":[{"href":"https:\/\/zsp4.radom.pl\/przedszkole\/wp-json\/wp\/v2\/posts"}],"about":[{"href":"https:\/\/zsp4.radom.pl\/przedszkole\/wp-json\/wp\/v2\/types\/post"}],"author":[{"embeddable":true,"href":"https:\/\/zsp4.radom.pl\/przedszkole\/wp-json\/wp\/v2\/users\/5"}],"replies":[{"embeddable":true,"href":"https:\/\/zsp4.radom.pl\/przedszkole\/wp-json\/wp\/v2\/comments?post=3886"}],"version-history":[{"count":4,"href":"https:\/\/zsp4.radom.pl\/przedszkole\/wp-json\/wp\/v2\/posts\/3886\/revisions"}],"predecessor-version":[{"id":3891,"href":"https:\/\/zsp4.radom.pl\/przedszkole\/wp-json\/wp\/v2\/posts\/3886\/revisions\/3891"}],"wp:featuredmedia":[{"embeddable":true,"href":"https:\/\/zsp4.radom.pl\/przedszkole\/wp-json\/wp\/v2\/media\/3888"}],"wp:attachment":[{"href":"https:\/\/zsp4.radom.pl\/przedszkole\/wp-json\/wp\/v2\/media?parent=3886"}],"wp:term":[{"taxonomy":"category","embeddable":true,"href":"https:\/\/zsp4.radom.pl\/przedszkole\/wp-json\/wp\/v2\/categories?post=3886"},{"taxonomy":"post_tag","embeddable":true,"href":"https:\/\/zsp4.radom.pl\/przedszkole\/wp-json\/wp\/v2\/tags?post=3886"}],"curies":[{"name":"wp","href":"https:\/\/api.w.org\/{rel}","templated":true}]}}