{"id":4079,"date":"2026-04-27T09:37:49","date_gmt":"2026-04-27T07:37:49","guid":{"rendered":"https:\/\/zsp4.radom.pl\/przedszkole\/tradycje-wielkanocne-2-copy\/"},"modified":"2026-04-27T09:45:22","modified_gmt":"2026-04-27T07:45:22","slug":"dzien-ziemi-2","status":"publish","type":"post","link":"https:\/\/zsp4.radom.pl\/przedszkole\/dzien-ziemi-2\/","title":{"rendered":"DZIE\u0143 ZIEMI"},"content":{"rendered":"\t\t<div data-elementor-type=\"wp-post\" data-elementor-id=\"4079\" class=\"elementor elementor-4079\" data-elementor-post-type=\"post\">\n\t\t\t\t<div class=\"elementor-element elementor-element-02c04f7 e-flex e-con-boxed e-con e-parent\" data-id=\"02c04f7\" data-element_type=\"container\">\n\t\t\t\t\t<div class=\"e-con-inner\">\n\t\t\t\t<div class=\"elementor-element elementor-element-272b84a elementor-widget elementor-widget-text-editor\" data-id=\"272b84a\" data-element_type=\"widget\" data-widget_type=\"text-editor.default\">\n\t\t\t\t\t\t\t\t\t<div class=\"qJYHHd mp0vvc\" data-xid=\"aim-mars-turn-root\" data-asrc=\"true\"><div class=\"tonYlb\" data-tr-rsts=\"false\"><div class=\"\" data-streaming-container=\"\"><div data-processed=\"true\"><div class=\"CKgc1d\" data-scope-id=\"turn\" data-sfc-cb=\"\" data-processed=\"true\" data-complete=\"true\"><div class=\"Zkbeff\" data-subtree=\"aimc\" data-wiz-uids=\"C0oAye_2\" data-sfc-cb=\"\" data-ved=\"2ahUKEwjn7PLZpKKTAxUMSfEDHWm2IbMQ2O0OegYIAQgAEAA\" data-hveid=\"CAEIABAA\" data-processed=\"true\" data-complete=\"true\"><div class=\"pWvJNd\" data-sfc-cb=\"\" data-processed=\"true\" data-complete=\"true\"><div class=\"mZJni Dn7Fzd\" dir=\"ltr\" data-container-id=\"main-col\" data-xid=\"VpUvz\" data-sfc-cb=\"\" data-ved=\"2ahUKEwjn7PLZpKKTAxUMSfEDHWm2IbMQ3KYQegYIAQgAEAE\" data-processed=\"true\"><div class=\"Y3BBE\" style=\"text-align: center;\" data-sfc-cp=\"\" data-sfc-cb=\"\" data-hveid=\"CAEIBxAA\" data-complete=\"true\" data-processed=\"true\"><div data-sfc-cp=\"\" data-sfc-root=\"c\" data-sfc-cb=\"\" data-hveid=\"CAYQAQ\" data-complete=\"true\"><p><span style=\"color: #000000;\">Dzie\u0144 Ziemi w naszym przedszkolu to nie tylko data w kalendarzu, to prawdziwe \u015bwi\u0119to radosnego odkrywania przyrody. Naszym celem jest rozbudzenie w dzieciach ciekawo\u015bci \u015bwiata i poczucia odpowiedzialno\u015bci za to, co nas otacza.<\/span><\/p><p><span style=\"color: #000000;\">Wczesne dzieci\u0144stwo to najlepszy moment na budowanie\u00a0<strong>dobrych nawyk\u00f3w<\/strong>. Poprzez zabaw\u0119 uczymy przedszkolaki, \u017ce:<\/span><\/p><p><span style=\"color: #000000;\"><strong>Przyroda czuje:<\/strong>drzewa daj\u0105 nam tlen, a kwiaty s\u0105 domem dla owad\u00f3w.<\/span><\/p><p><span style=\"color: #000000;\"><strong>Zasoby s\u0105 cenne:<\/strong>woda i pr\u0105d nie bior\u0105 si\u0119 znik\u0105d i warto je szanowa\u0107.<\/span><\/p><p><span style=\"color: #000000;\"><strong>\u015amieci to surowce:<\/strong>stara butelka mo\u017ce sta\u0107 si\u0119 rakiet\u0105, a gazeta \u2013 kapeluszem pirata.<\/span><\/p><p><span style=\"color: #000000;\">Pami\u0119tajmy, \u017ce edukacja ekologiczna zaczyna si\u0119 w domu i w przedszkolu. Ka\u017cde zakr\u0119cenie kranu podczas mycia z\u0105b\u00f3w czy zrezygnowanie z plastikowej reklam\u00f3wki to wielki prezent dla Ziemi.<\/span><\/p><p style=\"text-align: left;\"><span style=\"color: #000000;\">Przejd\u017a do galerii:\u00a0<a href=\"https:\/\/zsp4.radom.pl\/przedszkole\/dzien-ziemi\/\">DZIE\u0143 ZIEMI<\/a><\/span><\/p><\/div><\/div><\/div><\/div><\/div><\/div><\/div><\/div><\/div><\/div>\t\t\t\t\t\t\t\t<\/div>\n\t\t\t\t\t<\/div>\n\t\t\t\t<\/div>\n\t\t\t\t<\/div>\n\t\t","protected":false},"excerpt":{"rendered":"<p>Dzie\u0144 Ziemi w naszym przedszkolu to nie tylko data w kalendarzu, to prawdziwe \u015bwi\u0119to radosnego odkrywania przyrody. Naszym celem jest rozbudzenie w dzieciach ciekawo\u015bci \u015bwiata i poczucia odpowiedzialno\u015bci za to, co nas otacza. Wczesne dzieci\u0144stwo to najlepszy moment na budowanie\u00a0dobrych nawyk\u00f3w. Poprzez zabaw\u0119 uczymy przedszkolaki, \u017ce: Przyroda czuje:drzewa daj\u0105 nam tlen, a kwiaty s\u0105 domem [&hellip;]<\/p>\n","protected":false},"author":5,"featured_media":4059,"comment_status":"closed","ping_status":"closed","sticky":false,"template":"","format":"standard","meta":{"footnotes":""},"categories":[1],"tags":[203,206,205,207,208,204],"class_list":["post-4079","post","type-post","status-publish","format-standard","has-post-thumbnail","hentry","category-aktualnosci","tag-dzien-ziemi","tag-planeta","tag-porzadek","tag-recykling","tag-sprzatanie","tag-ziemia"],"aioseo_notices":[{"message":"Bezpo\u015bredni odno\u015bnik do tego wpisu w\u0142a\u015bnie uleg\u0142 zmianie! Mo\u017ce to doprowadzi\u0107 do b\u0142\u0119du 404 u go\u015bci witryny.","status":"warning","options":{"id":"fd6f14b980da835c740804602a12fb6a","isDismissible":true,"actions":[{"url":"https:\/\/zsp4.radom.pl\/przedszkole\/wp-admin\/admin.php?page=aioseo-redirects","label":"Dodaj przekierowanie, aby polepszy\u0107 SEO","target":"_blank","class":"aioseo-redirects-slug-changed"}]},"allowedContexts":["posts"]}],"_links":{"self":[{"href":"https:\/\/zsp4.radom.pl\/przedszkole\/wp-json\/wp\/v2\/posts\/4079","targetHints":{"allow":["GET"]}}],"collection":[{"href":"https:\/\/zsp4.radom.pl\/przedszkole\/wp-json\/wp\/v2\/posts"}],"about":[{"href":"https:\/\/zsp4.radom.pl\/przedszkole\/wp-json\/wp\/v2\/types\/post"}],"author":[{"embeddable":true,"href":"https:\/\/zsp4.radom.pl\/przedszkole\/wp-json\/wp\/v2\/users\/5"}],"replies":[{"embeddable":true,"href":"https:\/\/zsp4.radom.pl\/przedszkole\/wp-json\/wp\/v2\/comments?post=4079"}],"version-history":[{"count":4,"href":"https:\/\/zsp4.radom.pl\/przedszkole\/wp-json\/wp\/v2\/posts\/4079\/revisions"}],"predecessor-version":[{"id":4084,"href":"https:\/\/zsp4.radom.pl\/przedszkole\/wp-json\/wp\/v2\/posts\/4079\/revisions\/4084"}],"wp:featuredmedia":[{"embeddable":true,"href":"https:\/\/zsp4.radom.pl\/przedszkole\/wp-json\/wp\/v2\/media\/4059"}],"wp:attachment":[{"href":"https:\/\/zsp4.radom.pl\/przedszkole\/wp-json\/wp\/v2\/media?parent=4079"}],"wp:term":[{"taxonomy":"category","embeddable":true,"href":"https:\/\/zsp4.radom.pl\/przedszkole\/wp-json\/wp\/v2\/categories?post=4079"},{"taxonomy":"post_tag","embeddable":true,"href":"https:\/\/zsp4.radom.pl\/przedszkole\/wp-json\/wp\/v2\/tags?post=4079"}],"curies":[{"name":"wp","href":"https:\/\/api.w.org\/{rel}","templated":true}]}}