{"id":2389,"date":"2025-09-30T20:46:03","date_gmt":"2025-09-30T18:46:03","guid":{"rendered":"https:\/\/zsp4.radom.pl\/szkola\/projekt-edukacyjny-angielski-jest-fun-tastyczny-2-copy\/"},"modified":"2025-09-30T20:49:37","modified_gmt":"2025-09-30T18:49:37","slug":"europejski-dzien-jezykow-w-klasach-i-iii","status":"publish","type":"post","link":"https:\/\/zsp4.radom.pl\/szkola\/europejski-dzien-jezykow-w-klasach-i-iii\/","title":{"rendered":"Europejski Dzie\u0144 J\u0119zyk\u00f3w w klasach I-III"},"content":{"rendered":"\t\t<div data-elementor-type=\"wp-post\" data-elementor-id=\"2389\" class=\"elementor elementor-2389\" data-elementor-post-type=\"post\">\n\t\t\t\t<div class=\"elementor-element elementor-element-31cd87f e-flex e-con-boxed e-con e-parent\" data-id=\"31cd87f\" data-element_type=\"container\">\n\t\t\t\t\t<div class=\"e-con-inner\">\n\t\t\t\t<div class=\"elementor-element elementor-element-99bf6ca elementor-widget elementor-widget-gallery\" data-id=\"99bf6ca\" data-element_type=\"widget\" data-settings=\"{&quot;columns&quot;:3,&quot;lazyload&quot;:&quot;yes&quot;,&quot;gallery_layout&quot;:&quot;grid&quot;,&quot;columns_tablet&quot;:2,&quot;columns_mobile&quot;:1,&quot;gap&quot;:{&quot;unit&quot;:&quot;px&quot;,&quot;size&quot;:10,&quot;sizes&quot;:[]},&quot;gap_tablet&quot;:{&quot;unit&quot;:&quot;px&quot;,&quot;size&quot;:10,&quot;sizes&quot;:[]},&quot;gap_mobile&quot;:{&quot;unit&quot;:&quot;px&quot;,&quot;size&quot;:10,&quot;sizes&quot;:[]},&quot;link_to&quot;:&quot;file&quot;,&quot;aspect_ratio&quot;:&quot;3:2&quot;,&quot;overlay_background&quot;:&quot;yes&quot;,&quot;content_hover_animation&quot;:&quot;fade-in&quot;}\" data-widget_type=\"gallery.default\">\n\t\t\t\t\t\t\t<div class=\"elementor-gallery__container\">\n\t\t\t\t\t\t\t<a class=\"e-gallery-item elementor-gallery-item elementor-animated-content\" href=\"https:\/\/zsp4.radom.pl\/szkola\/wp-content\/uploads\/2025\/09\/556037915_1246473134189433_4619844019434273264_n.jpg\" data-elementor-open-lightbox=\"yes\" data-elementor-lightbox-slideshow=\"99bf6ca\" data-elementor-lightbox-title=\"556037915_1246473134189433_4619844019434273264_n\" data-e-action-hash=\"#elementor-action%3Aaction%3Dlightbox%26settings%3DeyJpZCI6MjM5MSwidXJsIjoiaHR0cHM6XC9cL3pzcDQucmFkb20ucGxcL3N6a29sYVwvd3AtY29udGVudFwvdXBsb2Fkc1wvMjAyNVwvMDlcLzU1NjAzNzkxNV8xMjQ2NDczMTM0MTg5NDMzXzQ2MTk4NDQwMTk0MzQyNzMyNjRfbi5qcGciLCJzbGlkZXNob3ciOiI5OWJmNmNhIn0%3D\">\n\t\t\t\t\t<div class=\"e-gallery-image elementor-gallery-item__image\" data-thumbnail=\"https:\/\/zsp4.radom.pl\/szkola\/wp-content\/uploads\/2025\/09\/556037915_1246473134189433_4619844019434273264_n.jpg\" data-width=\"2040\" data-height=\"1536\" aria-label=\"\" role=\"img\" ><\/div>\n\t\t\t\t\t\t\t\t\t\t\t<div class=\"elementor-gallery-item__overlay\"><\/div>\n\t\t\t\t\t\t\t\t\t\t\t\t\t\t<\/a>\n\t\t\t\t\t\t\t<a class=\"e-gallery-item elementor-gallery-item elementor-animated-content\" href=\"https:\/\/zsp4.radom.pl\/szkola\/wp-content\/uploads\/2025\/09\/556818977_1246473074189439_4385510692519905324_n.jpg\" data-elementor-open-lightbox=\"yes\" data-elementor-lightbox-slideshow=\"99bf6ca\" data-elementor-lightbox-title=\"556818977_1246473074189439_4385510692519905324_n\" data-e-action-hash=\"#elementor-action%3Aaction%3Dlightbox%26settings%3DeyJpZCI6MjM5MiwidXJsIjoiaHR0cHM6XC9cL3pzcDQucmFkb20ucGxcL3N6a29sYVwvd3AtY29udGVudFwvdXBsb2Fkc1wvMjAyNVwvMDlcLzU1NjgxODk3N18xMjQ2NDczMDc0MTg5NDM5XzQzODU1MTA2OTI1MTk5MDUzMjRfbi5qcGciLCJzbGlkZXNob3ciOiI5OWJmNmNhIn0%3D\">\n\t\t\t\t\t<div class=\"e-gallery-image elementor-gallery-item__image\" data-thumbnail=\"https:\/\/zsp4.radom.pl\/szkola\/wp-content\/uploads\/2025\/09\/556818977_1246473074189439_4385510692519905324_n.jpg\" data-width=\"2048\" data-height=\"1542\" aria-label=\"\" role=\"img\" ><\/div>\n\t\t\t\t\t\t\t\t\t\t\t<div class=\"elementor-gallery-item__overlay\"><\/div>\n\t\t\t\t\t\t\t\t\t\t\t\t\t\t<\/a>\n\t\t\t\t\t\t\t<a class=\"e-gallery-item elementor-gallery-item elementor-animated-content\" href=\"https:\/\/zsp4.radom.pl\/szkola\/wp-content\/uploads\/2025\/09\/556829476_1246473154189431_3027543402101619101_n.jpg\" data-elementor-open-lightbox=\"yes\" data-elementor-lightbox-slideshow=\"99bf6ca\" data-elementor-lightbox-title=\"556829476_1246473154189431_3027543402101619101_n\" data-e-action-hash=\"#elementor-action%3Aaction%3Dlightbox%26settings%3DeyJpZCI6MjM5MywidXJsIjoiaHR0cHM6XC9cL3pzcDQucmFkb20ucGxcL3N6a29sYVwvd3AtY29udGVudFwvdXBsb2Fkc1wvMjAyNVwvMDlcLzU1NjgyOTQ3Nl8xMjQ2NDczMTU0MTg5NDMxXzMwMjc1NDM0MDIxMDE2MTkxMDFfbi5qcGciLCJzbGlkZXNob3ciOiI5OWJmNmNhIn0%3D\">\n\t\t\t\t\t<div class=\"e-gallery-image elementor-gallery-item__image\" data-thumbnail=\"https:\/\/zsp4.radom.pl\/szkola\/wp-content\/uploads\/2025\/09\/556829476_1246473154189431_3027543402101619101_n.jpg\" data-width=\"2048\" data-height=\"1536\" aria-label=\"\" role=\"img\" ><\/div>\n\t\t\t\t\t\t\t\t\t\t\t<div class=\"elementor-gallery-item__overlay\"><\/div>\n\t\t\t\t\t\t\t\t\t\t\t\t\t\t<\/a>\n\t\t\t\t\t\t\t<a class=\"e-gallery-item elementor-gallery-item elementor-animated-content\" href=\"https:\/\/zsp4.radom.pl\/szkola\/wp-content\/uploads\/2025\/09\/556872046_1246473094189437_793588380876368297_n.jpg\" data-elementor-open-lightbox=\"yes\" data-elementor-lightbox-slideshow=\"99bf6ca\" data-elementor-lightbox-title=\"556872046_1246473094189437_793588380876368297_n\" data-e-action-hash=\"#elementor-action%3Aaction%3Dlightbox%26settings%3DeyJpZCI6MjM5NCwidXJsIjoiaHR0cHM6XC9cL3pzcDQucmFkb20ucGxcL3N6a29sYVwvd3AtY29udGVudFwvdXBsb2Fkc1wvMjAyNVwvMDlcLzU1Njg3MjA0Nl8xMjQ2NDczMDk0MTg5NDM3Xzc5MzU4ODM4MDg3NjM2ODI5N19uLmpwZyIsInNsaWRlc2hvdyI6Ijk5YmY2Y2EifQ%3D%3D\">\n\t\t\t\t\t<div class=\"e-gallery-image elementor-gallery-item__image\" data-thumbnail=\"https:\/\/zsp4.radom.pl\/szkola\/wp-content\/uploads\/2025\/09\/556872046_1246473094189437_793588380876368297_n.jpg\" data-width=\"2048\" data-height=\"1536\" aria-label=\"\" role=\"img\" ><\/div>\n\t\t\t\t\t\t\t\t\t\t\t<div class=\"elementor-gallery-item__overlay\"><\/div>\n\t\t\t\t\t\t\t\t\t\t\t\t\t\t<\/a>\n\t\t\t\t\t\t\t<a class=\"e-gallery-item elementor-gallery-item elementor-animated-content\" href=\"https:\/\/zsp4.radom.pl\/szkola\/wp-content\/uploads\/2025\/09\/556913322_1246473234189423_4816991560170307317_n.jpg\" data-elementor-open-lightbox=\"yes\" data-elementor-lightbox-slideshow=\"99bf6ca\" data-elementor-lightbox-title=\"556913322_1246473234189423_4816991560170307317_n\" data-e-action-hash=\"#elementor-action%3Aaction%3Dlightbox%26settings%3DeyJpZCI6MjM5NSwidXJsIjoiaHR0cHM6XC9cL3pzcDQucmFkb20ucGxcL3N6a29sYVwvd3AtY29udGVudFwvdXBsb2Fkc1wvMjAyNVwvMDlcLzU1NjkxMzMyMl8xMjQ2NDczMjM0MTg5NDIzXzQ4MTY5OTE1NjAxNzAzMDczMTdfbi5qcGciLCJzbGlkZXNob3ciOiI5OWJmNmNhIn0%3D\">\n\t\t\t\t\t<div class=\"e-gallery-image elementor-gallery-item__image\" data-thumbnail=\"https:\/\/zsp4.radom.pl\/szkola\/wp-content\/uploads\/2025\/09\/556913322_1246473234189423_4816991560170307317_n.jpg\" data-width=\"2048\" data-height=\"1536\" aria-label=\"\" role=\"img\" ><\/div>\n\t\t\t\t\t\t\t\t\t\t\t<div class=\"elementor-gallery-item__overlay\"><\/div>\n\t\t\t\t\t\t\t\t\t\t\t\t\t\t<\/a>\n\t\t\t\t\t\t\t<a class=\"e-gallery-item elementor-gallery-item elementor-animated-content\" href=\"https:\/\/zsp4.radom.pl\/szkola\/wp-content\/uploads\/2025\/09\/556914178_1246473210856092_1192843273076467988_n.jpg\" data-elementor-open-lightbox=\"yes\" data-elementor-lightbox-slideshow=\"99bf6ca\" data-elementor-lightbox-title=\"556914178_1246473210856092_1192843273076467988_n\" data-e-action-hash=\"#elementor-action%3Aaction%3Dlightbox%26settings%3DeyJpZCI6MjM5NiwidXJsIjoiaHR0cHM6XC9cL3pzcDQucmFkb20ucGxcL3N6a29sYVwvd3AtY29udGVudFwvdXBsb2Fkc1wvMjAyNVwvMDlcLzU1NjkxNDE3OF8xMjQ2NDczMjEwODU2MDkyXzExOTI4NDMyNzMwNzY0Njc5ODhfbi5qcGciLCJzbGlkZXNob3ciOiI5OWJmNmNhIn0%3D\">\n\t\t\t\t\t<div class=\"e-gallery-image elementor-gallery-item__image\" data-thumbnail=\"https:\/\/zsp4.radom.pl\/szkola\/wp-content\/uploads\/2025\/09\/556914178_1246473210856092_1192843273076467988_n.jpg\" data-width=\"1542\" data-height=\"2048\" aria-label=\"\" role=\"img\" ><\/div>\n\t\t\t\t\t\t\t\t\t\t\t<div class=\"elementor-gallery-item__overlay\"><\/div>\n\t\t\t\t\t\t\t\t\t\t\t\t\t\t<\/a>\n\t\t\t\t\t\t\t<a class=\"e-gallery-item elementor-gallery-item elementor-animated-content\" href=\"https:\/\/zsp4.radom.pl\/szkola\/wp-content\/uploads\/2025\/09\/557611991_1246473190856094_5302475324661176783_n.jpg\" data-elementor-open-lightbox=\"yes\" data-elementor-lightbox-slideshow=\"99bf6ca\" data-elementor-lightbox-title=\"557611991_1246473190856094_5302475324661176783_n\" data-e-action-hash=\"#elementor-action%3Aaction%3Dlightbox%26settings%3DeyJpZCI6MjM5NywidXJsIjoiaHR0cHM6XC9cL3pzcDQucmFkb20ucGxcL3N6a29sYVwvd3AtY29udGVudFwvdXBsb2Fkc1wvMjAyNVwvMDlcLzU1NzYxMTk5MV8xMjQ2NDczMTkwODU2MDk0XzUzMDI0NzUzMjQ2NjExNzY3ODNfbi5qcGciLCJzbGlkZXNob3ciOiI5OWJmNmNhIn0%3D\">\n\t\t\t\t\t<div class=\"e-gallery-image elementor-gallery-item__image\" data-thumbnail=\"https:\/\/zsp4.radom.pl\/szkola\/wp-content\/uploads\/2025\/09\/557611991_1246473190856094_5302475324661176783_n.jpg\" data-width=\"2048\" data-height=\"1152\" aria-label=\"\" role=\"img\" ><\/div>\n\t\t\t\t\t\t\t\t\t\t\t<div class=\"elementor-gallery-item__overlay\"><\/div>\n\t\t\t\t\t\t\t\t\t\t\t\t\t\t<\/a>\n\t\t\t\t\t\t\t<a class=\"e-gallery-item elementor-gallery-item elementor-animated-content\" href=\"https:\/\/zsp4.radom.pl\/szkola\/wp-content\/uploads\/2025\/09\/557630255_1246473167522763_3940689158310783548_n.jpg\" data-elementor-open-lightbox=\"yes\" data-elementor-lightbox-slideshow=\"99bf6ca\" data-elementor-lightbox-title=\"557630255_1246473167522763_3940689158310783548_n\" data-e-action-hash=\"#elementor-action%3Aaction%3Dlightbox%26settings%3DeyJpZCI6MjM5OCwidXJsIjoiaHR0cHM6XC9cL3pzcDQucmFkb20ucGxcL3N6a29sYVwvd3AtY29udGVudFwvdXBsb2Fkc1wvMjAyNVwvMDlcLzU1NzYzMDI1NV8xMjQ2NDczMTY3NTIyNzYzXzM5NDA2ODkxNTgzMTA3ODM1NDhfbi5qcGciLCJzbGlkZXNob3ciOiI5OWJmNmNhIn0%3D\">\n\t\t\t\t\t<div class=\"e-gallery-image elementor-gallery-item__image\" data-thumbnail=\"https:\/\/zsp4.radom.pl\/szkola\/wp-content\/uploads\/2025\/09\/557630255_1246473167522763_3940689158310783548_n.jpg\" data-width=\"2048\" data-height=\"1536\" aria-label=\"\" role=\"img\" ><\/div>\n\t\t\t\t\t\t\t\t\t\t\t<div class=\"elementor-gallery-item__overlay\"><\/div>\n\t\t\t\t\t\t\t\t\t\t\t\t\t\t<\/a>\n\t\t\t\t\t\t\t<a class=\"e-gallery-item elementor-gallery-item elementor-animated-content\" href=\"https:\/\/zsp4.radom.pl\/szkola\/wp-content\/uploads\/2025\/09\/557777456_1246473117522768_3481142214147983062_n.jpg\" data-elementor-open-lightbox=\"yes\" data-elementor-lightbox-slideshow=\"99bf6ca\" data-elementor-lightbox-title=\"557777456_1246473117522768_3481142214147983062_n\" data-e-action-hash=\"#elementor-action%3Aaction%3Dlightbox%26settings%3DeyJpZCI6MjM5OSwidXJsIjoiaHR0cHM6XC9cL3pzcDQucmFkb20ucGxcL3N6a29sYVwvd3AtY29udGVudFwvdXBsb2Fkc1wvMjAyNVwvMDlcLzU1Nzc3NzQ1Nl8xMjQ2NDczMTE3NTIyNzY4XzM0ODExNDIyMTQxNDc5ODMwNjJfbi5qcGciLCJzbGlkZXNob3ciOiI5OWJmNmNhIn0%3D\">\n\t\t\t\t\t<div class=\"e-gallery-image elementor-gallery-item__image\" data-thumbnail=\"https:\/\/zsp4.radom.pl\/szkola\/wp-content\/uploads\/2025\/09\/557777456_1246473117522768_3481142214147983062_n.jpg\" data-width=\"1424\" data-height=\"1068\" aria-label=\"\" role=\"img\" ><\/div>\n\t\t\t\t\t\t\t\t\t\t\t<div class=\"elementor-gallery-item__overlay\"><\/div>\n\t\t\t\t\t\t\t\t\t\t\t\t\t\t<\/a>\n\t\t\t\t\t<\/div>\n\t\t\t\t\t<\/div>\n\t\t\t\t\t<\/div>\n\t\t\t\t<\/div>\n\t\t\t\t<\/div>\n\t\t","protected":false},"excerpt":{"rendered":"","protected":false},"author":5,"featured_media":2395,"comment_status":"closed","ping_status":"closed","sticky":false,"template":"","format":"standard","meta":{"footnotes":""},"categories":[8,84],"tags":[90],"class_list":["post-2389","post","type-post","status-publish","format-standard","has-post-thumbnail","hentry","category-galeria","category-galeria-2025-2026","tag-europejski-dzien-jezykow-w-klasach-i-iii"],"aioseo_notices":[],"_links":{"self":[{"href":"https:\/\/zsp4.radom.pl\/szkola\/wp-json\/wp\/v2\/posts\/2389","targetHints":{"allow":["GET"]}}],"collection":[{"href":"https:\/\/zsp4.radom.pl\/szkola\/wp-json\/wp\/v2\/posts"}],"about":[{"href":"https:\/\/zsp4.radom.pl\/szkola\/wp-json\/wp\/v2\/types\/post"}],"author":[{"embeddable":true,"href":"https:\/\/zsp4.radom.pl\/szkola\/wp-json\/wp\/v2\/users\/5"}],"replies":[{"embeddable":true,"href":"https:\/\/zsp4.radom.pl\/szkola\/wp-json\/wp\/v2\/comments?post=2389"}],"version-history":[{"count":4,"href":"https:\/\/zsp4.radom.pl\/szkola\/wp-json\/wp\/v2\/posts\/2389\/revisions"}],"predecessor-version":[{"id":2403,"href":"https:\/\/zsp4.radom.pl\/szkola\/wp-json\/wp\/v2\/posts\/2389\/revisions\/2403"}],"wp:featuredmedia":[{"embeddable":true,"href":"https:\/\/zsp4.radom.pl\/szkola\/wp-json\/wp\/v2\/media\/2395"}],"wp:attachment":[{"href":"https:\/\/zsp4.radom.pl\/szkola\/wp-json\/wp\/v2\/media?parent=2389"}],"wp:term":[{"taxonomy":"category","embeddable":true,"href":"https:\/\/zsp4.radom.pl\/szkola\/wp-json\/wp\/v2\/categories?post=2389"},{"taxonomy":"post_tag","embeddable":true,"href":"https:\/\/zsp4.radom.pl\/szkola\/wp-json\/wp\/v2\/tags?post=2389"}],"curies":[{"name":"wp","href":"https:\/\/api.w.org\/{rel}","templated":true}]}}