{"id":5161,"date":"2026-09-02T22:12:56","date_gmt":"2026-09-02T20:12:56","guid":{"rendered":"https:\/\/zsp4.radom.pl\/szkola\/reporterzy-w-sieci-copy\/"},"modified":"2026-09-02T22:20:17","modified_gmt":"2026-09-02T20:20:17","slug":"uroczyste-rozpoczecie-roku-szkolnego-2026-2027","status":"publish","type":"post","link":"https:\/\/zsp4.radom.pl\/szkola\/uroczyste-rozpoczecie-roku-szkolnego-2026-2027\/","title":{"rendered":"Uroczyste rozpocz\u0119cie roku szkolnego 2026\/2027"},"content":{"rendered":"\t\t<div data-elementor-type=\"wp-post\" data-elementor-id=\"5161\" class=\"elementor elementor-5161\" data-elementor-post-type=\"post\">\n\t\t\t\t<div class=\"elementor-element elementor-element-8ce352c e-flex e-con-boxed e-con e-parent\" data-id=\"8ce352c\" data-element_type=\"container\">\n\t\t\t\t\t<div class=\"e-con-inner\">\n\t\t\t\t<div class=\"elementor-element elementor-element-48dbd7c elementor-widget elementor-widget-text-editor\" data-id=\"48dbd7c\" data-element_type=\"widget\" data-widget_type=\"text-editor.default\">\n\t\t\t\t\t\t\t\t\t<p><span data-contrast=\"auto\">Za nami uroczysta inauguracja nowego roku szkolnego 2026\/2027. Po wakacyjnej przerwie uczniowie, nauczyciele oraz rodzice spotkali si\u0119, aby wsp\u00f3lnie rozpocz\u0105\u0107 kolejny rok pe\u0142en wyzwa\u0144, nauki i sukces\u00f3w. Mi\u0142ym akcentem by\u0142 wyst\u0119p klas trzecich, kt\u00f3re zaprezentowa\u0142y przygotowany program artystyczny. M\u0142odzi uczniowie z ogromnym zaanga\u017cowaniem pokazali swoje talenty i udowodnili, \u017ce nowy rok szkolny rozpoczynaj\u0105 z u\u015bmiechem oraz pozytywn\u0105 energi\u0105.<\/span><span data-ccp-props=\"{&quot;134233117&quot;:false,&quot;134233118&quot;:false,&quot;201341983&quot;:0,&quot;335551550&quot;:6,&quot;335551620&quot;:6,&quot;335559738&quot;:210,&quot;335559739&quot;:210,&quot;335559740&quot;:300}\">\u00a0<\/span><\/p><p><span data-contrast=\"auto\">Szczeg\u00f3lnym momentem uroczysto\u015bci by\u0142o wyst\u0105pienie nowej Pani Dyrektor, kt\u00f3ra od tego roku szkolnego b\u0119dzie kierowa\u0107 nasz\u0105 plac\u00f3wk\u0105. \u017byczymy wielu sukces\u00f3w, satysfakcji z pe\u0142nionej funkcji oraz owocnej wsp\u00f3\u0142pracy z ca\u0142\u0105 spo\u0142eczno\u015bci\u0105 szkoln\u0105.<\/span><span data-ccp-props=\"{&quot;134233117&quot;:false,&quot;134233118&quot;:false,&quot;201341983&quot;:0,&quot;335551550&quot;:6,&quot;335551620&quot;:6,&quot;335559738&quot;:0,&quot;335559739&quot;:0,&quot;335559740&quot;:300}\">\u00a0<\/span><\/p><p><span data-contrast=\"auto\">Wszystkim uczniom,\u00a0nauczycielom i rodzicom\u00a0\u017cyczymy\u00a0udanego roku szkolnego, pe\u0142nego sukces\u00f3w i inspiruj\u0105cych do\u015bwiadcze\u0144!\u00a0\ud83d\udc99 Powodzenia! \ud83d\udc99<\/span><span data-ccp-props=\"{&quot;134233117&quot;:false,&quot;134233118&quot;:false,&quot;201341983&quot;:0,&quot;335551550&quot;:6,&quot;335551620&quot;:6,&quot;335559738&quot;:210,&quot;335559739&quot;:210,&quot;335559740&quot;:300}\">\u00a0<\/span><\/p>\t\t\t\t\t\t\t\t<\/div>\n\t\t\t\t<div class=\"elementor-element elementor-element-039af7f elementor-widget elementor-widget-image\" data-id=\"039af7f\" data-element_type=\"widget\" data-widget_type=\"image.default\">\n\t\t\t\t\t\t\t\t\t\t\t\t\t\t\t\t<a href=\"https:\/\/zsp4.radom.pl\/szkola\/wp-content\/uploads\/2026\/09\/IMG-20260902-WA0030.jpg\" data-elementor-open-lightbox=\"yes\" data-elementor-lightbox-title=\"IMG-20260902-WA0030\" data-e-action-hash=\"#elementor-action%3Aaction%3Dlightbox%26settings%3DeyJpZCI6NTE2OCwidXJsIjoiaHR0cHM6XC9cL3pzcDQucmFkb20ucGxcL3N6a29sYVwvd3AtY29udGVudFwvdXBsb2Fkc1wvMjAyNlwvMDlcL0lNRy0yMDI2MDkwMi1XQTAwMzAuanBnIn0%3D\">\n\t\t\t\t\t\t\t<img fetchpriority=\"high\" width=\"768\" height=\"630\" src=\"https:\/\/zsp4.radom.pl\/szkola\/wp-content\/uploads\/2026\/09\/IMG-20260902-WA0030-768x630.jpg\" class=\"attachment-medium_large size-medium_large wp-image-5168\" alt=\"\" decoding=\"async\" srcset=\"https:\/\/zsp4.radom.pl\/szkola\/wp-content\/uploads\/2026\/09\/IMG-20260902-WA0030-768x630.jpg 768w, https:\/\/zsp4.radom.pl\/szkola\/wp-content\/uploads\/2026\/09\/IMG-20260902-WA0030-300x246.jpg 300w, https:\/\/zsp4.radom.pl\/szkola\/wp-content\/uploads\/2026\/09\/IMG-20260902-WA0030-1024x840.jpg 1024w, https:\/\/zsp4.radom.pl\/szkola\/wp-content\/uploads\/2026\/09\/IMG-20260902-WA0030.jpg 1227w\" sizes=\"(max-width: 768px) 100vw, 768px\" \/>\t\t\t\t\t\t\t\t<\/a>\n\t\t\t\t\t\t\t\t\t\t\t\t\t\t\t<\/div>\n\t\t\t\t\t<\/div>\n\t\t\t\t<\/div>\n\t\t\t\t<\/div>\n\t\t","protected":false},"excerpt":{"rendered":"<p>Za nami uroczysta inauguracja nowego roku szkolnego 2026\/2027. Po wakacyjnej przerwie uczniowie, nauczyciele oraz rodzice spotkali si\u0119, aby wsp\u00f3lnie rozpocz\u0105\u0107 kolejny rok pe\u0142en wyzwa\u0144, nauki i sukces\u00f3w. Mi\u0142ym akcentem by\u0142 wyst\u0119p klas trzecich, kt\u00f3re zaprezentowa\u0142y przygotowany program artystyczny. M\u0142odzi uczniowie z ogromnym zaanga\u017cowaniem pokazali swoje talenty i udowodnili, \u017ce nowy rok szkolny rozpoczynaj\u0105 z u\u015bmiechem [&hellip;]<\/p>\n","protected":false},"author":5,"featured_media":5164,"comment_status":"closed","ping_status":"closed","sticky":false,"template":"","format":"standard","meta":{"footnotes":""},"categories":[87],"tags":[],"class_list":["post-5161","post","type-post","status-publish","format-standard","has-post-thumbnail","hentry","category-aktualnosci"],"aioseo_notices":[],"_links":{"self":[{"href":"https:\/\/zsp4.radom.pl\/szkola\/wp-json\/wp\/v2\/posts\/5161","targetHints":{"allow":["GET"]}}],"collection":[{"href":"https:\/\/zsp4.radom.pl\/szkola\/wp-json\/wp\/v2\/posts"}],"about":[{"href":"https:\/\/zsp4.radom.pl\/szkola\/wp-json\/wp\/v2\/types\/post"}],"author":[{"embeddable":true,"href":"https:\/\/zsp4.radom.pl\/szkola\/wp-json\/wp\/v2\/users\/5"}],"replies":[{"embeddable":true,"href":"https:\/\/zsp4.radom.pl\/szkola\/wp-json\/wp\/v2\/comments?post=5161"}],"version-history":[{"count":4,"href":"https:\/\/zsp4.radom.pl\/szkola\/wp-json\/wp\/v2\/posts\/5161\/revisions"}],"predecessor-version":[{"id":5171,"href":"https:\/\/zsp4.radom.pl\/szkola\/wp-json\/wp\/v2\/posts\/5161\/revisions\/5171"}],"wp:featuredmedia":[{"embeddable":true,"href":"https:\/\/zsp4.radom.pl\/szkola\/wp-json\/wp\/v2\/media\/5164"}],"wp:attachment":[{"href":"https:\/\/zsp4.radom.pl\/szkola\/wp-json\/wp\/v2\/media?parent=5161"}],"wp:term":[{"taxonomy":"category","embeddable":true,"href":"https:\/\/zsp4.radom.pl\/szkola\/wp-json\/wp\/v2\/categories?post=5161"},{"taxonomy":"post_tag","embeddable":true,"href":"https:\/\/zsp4.radom.pl\/szkola\/wp-json\/wp\/v2\/tags?post=5161"}],"curies":[{"name":"wp","href":"https:\/\/api.w.org\/{rel}","templated":true}]}}